{"id":329,"date":"2008-10-06T23:35:45","date_gmt":"2008-10-06T22:35:45","guid":{"rendered":"http:\/\/loretahur.net\/silencio\/?p=329"},"modified":"2008-10-06T23:36:51","modified_gmt":"2008-10-06T22:36:51","slug":"la-fuga-balada-del-despertador","status":"publish","type":"post","link":"http:\/\/loretahur.net\/silencio\/la-fuga-balada-del-despertador\/","title":{"rendered":"La Fuga &#8211; Balada Del Despertador"},"content":{"rendered":"<p><img decoding=\"async\" loading=\"lazy\" src=\"http:\/\/loretahur.net\/silencio\/wp-content\/uploads\/2008\/10\/a-las-doce.jpg\" alt=\"La Fuga\" title=\"a-las-doce\" width=\"200\" height=\"200\" class=\"alignnone size-full wp-image-330\" style=\"margin: 0pt 10px 5px 0pt\" align=\"left\" srcset=\"http:\/\/loretahur.net\/silencio\/wp-content\/uploads\/2008\/10\/a-las-doce.jpg 200w, http:\/\/loretahur.net\/silencio\/wp-content\/uploads\/2008\/10\/a-las-doce-150x150.jpg 150w\" sizes=\"(max-width: 200px) 100vw, 200px\" \/>A\u00fan recuerdo la tristeza que me produjo la separaci\u00f3n de Platero y t\u00fa. Fito iba a iniciar una nueva andadura. Pero entonces apareci\u00f3 otro Fito en escena, la voz de este grupo c\u00e1ntabro, que hizo la pena un poco menos dura. <\/p>\n<p>Y m\u00e1s con esta melod\u00eda que se marcaron mano a mano con Aurora Beltr\u00e1n (<em>Tah\u00fares Zurdos<\/em>) dentro del disco <strong>A las doce<\/strong> (<em>2002<\/em>). Como ellos mismos la definen: una canci\u00f3n para calentar el alma. <\/p>\n<p><object width=\"425\" height=\"344\"><param name=\"movie\" value=\"http:\/\/www.youtube.com\/v\/9qS3f_TJGPs&#038;hl=es&#038;fs=1\"><\/param><param name=\"allowFullScreen\" value=\"true\"><\/param><embed src=\"http:\/\/www.youtube.com\/v\/9qS3f_TJGPs&#038;hl=es&#038;fs=1\" type=\"application\/x-shockwave-flash\" allowfullscreen=\"true\" width=\"425\" height=\"344\"><\/embed><\/object><\/p>\n<p>Letra:<\/p>\n<blockquote><p>Despu\u00e9s de tanto tropezar<br \/>\ndando tumbos he llegado aqu\u00ed<br \/>\ny no se est\u00e1 tan mal.<\/p>\n<p>No sab\u00eda d\u00f3nde ir,<br \/>\nhab\u00eda cerrado el \u00faltimo bar<br \/>\ny tu oferta no la pude rechazar.<\/p>\n<p>[estribillo]<br \/>\nY deja que yo apague la luz,<br \/>\nt\u00fa deja de mirar el reloj;<br \/>\nser\u00e1 mejor.<br \/>\nYo dando patadas al sol,<br \/>\nt\u00fa enfadada con el despertador.<br \/>\nEnemigo del calor.<\/p>\n<p>Solitario coraz\u00f3n<br \/>\nvaga sin rumbo por aqu\u00ed<br \/>\nbuscando un poco de emoci\u00f3n.<\/p>\n<p>Sin promesas que cumplir,<br \/>\nsin palabras de \u00e9sas que despu\u00e9s<br \/>\nse olvidan con el sol.<\/p>\n<p>Las penas cambian su sabor<br \/>\ncuando no hay espinas para cenar<br \/>\ny en la mesa comen dos.<\/p>\n<p>Y la fiesta sigue en el sal\u00f3n;<br \/>\nla luna nos pill\u00f3 bailando<br \/>\nla balada del despertador.<\/p>\n<p>[estribillo]<\/p>\n<p>Que siempre molesta en lo mejor.<br \/>\nComo el sol que me despierta<br \/>\ncuando escondido estoy<br \/>\nbajo el edred\u00f3n.<br \/>\nP\u00e9gate a m\u00ed.<\/p>\n<p>[estribillo]<\/p><\/blockquote>\n<p><a href=\"http:\/\/www.lafuga.net\/\">P\u00e1gina Oficial<\/a><\/p>\n","protected":false},"excerpt":{"rendered":"<p>A\u00fan recuerdo la tristeza que me produjo la separaci\u00f3n de Platero y t\u00fa. Fito iba a iniciar una nueva andadura. Pero entonces apareci\u00f3 otro Fito en escena, la voz de este grupo c\u00e1ntabro, que hizo la pena un poco menos dura. Y m\u00e1s con esta melod\u00eda que se marcaron mano a mano con Aurora Beltr\u00e1n [&hellip;]<\/p>\n","protected":false},"author":2,"featured_media":0,"comment_status":"open","ping_status":"open","sticky":false,"template":"","format":"standard","meta":{"footnotes":""},"categories":[17],"tags":[15,13,135,455],"_links":{"self":[{"href":"http:\/\/loretahur.net\/silencio\/wp-json\/wp\/v2\/posts\/329"}],"collection":[{"href":"http:\/\/loretahur.net\/silencio\/wp-json\/wp\/v2\/posts"}],"about":[{"href":"http:\/\/loretahur.net\/silencio\/wp-json\/wp\/v2\/types\/post"}],"author":[{"embeddable":true,"href":"http:\/\/loretahur.net\/silencio\/wp-json\/wp\/v2\/users\/2"}],"replies":[{"embeddable":true,"href":"http:\/\/loretahur.net\/silencio\/wp-json\/wp\/v2\/comments?post=329"}],"version-history":[{"count":2,"href":"http:\/\/loretahur.net\/silencio\/wp-json\/wp\/v2\/posts\/329\/revisions"}],"predecessor-version":[{"id":332,"href":"http:\/\/loretahur.net\/silencio\/wp-json\/wp\/v2\/posts\/329\/revisions\/332"}],"wp:attachment":[{"href":"http:\/\/loretahur.net\/silencio\/wp-json\/wp\/v2\/media?parent=329"}],"wp:term":[{"taxonomy":"category","embeddable":true,"href":"http:\/\/loretahur.net\/silencio\/wp-json\/wp\/v2\/categories?post=329"},{"taxonomy":"post_tag","embeddable":true,"href":"http:\/\/loretahur.net\/silencio\/wp-json\/wp\/v2\/tags?post=329"}],"curies":[{"name":"wp","href":"https:\/\/api.w.org\/{rel}","templated":true}]}}