{"id":448,"date":"2009-01-01T23:43:49","date_gmt":"2009-01-01T22:43:49","guid":{"rendered":"http:\/\/loretahur.net\/silencio\/?p=448"},"modified":"2009-01-01T23:43:49","modified_gmt":"2009-01-01T22:43:49","slug":"la-buena-vida-que-nos-va-a-pasar","status":"publish","type":"post","link":"http:\/\/loretahur.net\/silencio\/la-buena-vida-que-nos-va-a-pasar\/","title":{"rendered":"La Buena Vida &#8211; Qu\u00e9 Nos Va a Pasar"},"content":{"rendered":"<p><img decoding=\"async\" loading=\"lazy\" src=\"http:\/\/loretahur.net\/silencio\/wp-content\/uploads\/2009\/01\/la-buena-vida.jpg\" alt=\"la-buena-vida\" title=\"la-buena-vida\" width=\"160\" height=\"143\" class=\"alignnone size-full wp-image-487\" style=\"margin: 0pt 10px 5px 0pt\" align=\"left\" \/>\u00c9sta es la primera canci\u00f3n del 2009, as\u00ed que la elecci\u00f3n del t\u00edtulo ten\u00eda que reflejar esa incertidumbre caracter\u00edstica del que empieza algo: \u00bfQu\u00e9 nos va a pasar este a\u00f1o? Pues no lo sabremos hasta que nos pongamos a andarlo. <\/p>\n<p>Y aqu\u00ed va un cl\u00e1sico del panorama nacional: <strong>La Buena Vida<\/strong>. Este grupo donostiarra lleva dando guerra desde 1988 con ocho \u00e1lbumes a sus espaldas. Seis son sus miembros y sesentero su sonido. Pop suave y melanc\u00f3lico que se degusta en el disco <em>Hallelujah!<\/em>, donde podemos encontrar esta canci\u00f3n. El mes pasado volvieron a los escenarios tras un par\u00f3n. Veremos si contin\u00faan con la actividad este a\u00f1o.<\/p>\n<p><object width=\"425\" height=\"344\"><param name=\"movie\" value=\"http:\/\/www.youtube.com\/v\/OyZlcxqIqKY&#038;hl=es&#038;fs=1&#038;color1=0xe1600f&#038;color2=0xfebd01\"><\/param><param name=\"allowFullScreen\" value=\"true\"><\/param><param name=\"allowscriptaccess\" value=\"always\"><\/param><embed src=\"http:\/\/www.youtube.com\/v\/OyZlcxqIqKY&#038;hl=es&#038;fs=1&#038;color1=0xe1600f&#038;color2=0xfebd01\" type=\"application\/x-shockwave-flash\" allowscriptaccess=\"always\" allowfullscreen=\"true\" width=\"425\" height=\"344\"><\/embed><\/object><\/p>\n<p>Letra:<\/p>\n<blockquote><p>Cada d\u00eda trato de acertar por d\u00f3nde saldr\u00e1s.<br \/>\nEso es tanto como adivinar qu\u00e9 nos va a pasar.<\/p>\n<p>Has estado, hace tiempo, algo raro por momentos.<br \/>\nMe pregunto algo inquieta qu\u00e9 nos va a pasar.<\/p>\n<p>No recuerdo cu\u00e1ndo decay\u00f3 la conversaci\u00f3n<br \/>\nni el punto en que dices t\u00fa que algo cambi\u00f3.<\/p>\n<p>Sin embargo, mientras tanto, yo me guardo la esperanza<br \/>\ny las cosas que en la plaza nos dijimos hoy.<\/p>\n<p>[estribillo]<br \/>\nAhora que te vas pedir\u00e9 perd\u00f3n y dir\u00e1s que no<br \/>\ny estar\u00e1 muy bien, ya sabes por qu\u00e9.<br \/>\nYo me esconder\u00e9, ahora que te vas<br \/>\nya no saldr\u00e9 m\u00e1s, dime para qu\u00e9, si no te voy a ver.<\/p>\n<p>Sin embargo, mientras tanto, yo me guardo la esperanza<br \/>\ny las cosas que en la plaza nos dijimos hoy.<\/p>\n<p>[estribillo]<\/p>\n<p>Cuando pase el tiempo conocer\u00e1s a alguien m\u00e1s<br \/>\ny me olvidar\u00e1s, y es que es lo normal.<br \/>\nAunque nos d\u00e9 rabia siempre ocurre igual<br \/>\ny nos esforzarnos en disimular.<\/p><\/blockquote>\n<p><a href=\"http:\/\/www.lapaginadelabuenavida.com\/\">P\u00e1gina Oficial<\/a><\/p>\n","protected":false},"excerpt":{"rendered":"<p>\u00c9sta es la primera canci\u00f3n del 2009, as\u00ed que la elecci\u00f3n del t\u00edtulo ten\u00eda que reflejar esa incertidumbre caracter\u00edstica del que empieza algo: \u00bfQu\u00e9 nos va a pasar este a\u00f1o? Pues no lo sabremos hasta que nos pongamos a andarlo. Y aqu\u00ed va un cl\u00e1sico del panorama nacional: La Buena Vida. Este grupo donostiarra lleva [&hellip;]<\/p>\n","protected":false},"author":2,"featured_media":0,"comment_status":"open","ping_status":"open","sticky":false,"template":"","format":"standard","meta":{"footnotes":""},"categories":[8,12],"tags":[15,13,451,170,453],"_links":{"self":[{"href":"http:\/\/loretahur.net\/silencio\/wp-json\/wp\/v2\/posts\/448"}],"collection":[{"href":"http:\/\/loretahur.net\/silencio\/wp-json\/wp\/v2\/posts"}],"about":[{"href":"http:\/\/loretahur.net\/silencio\/wp-json\/wp\/v2\/types\/post"}],"author":[{"embeddable":true,"href":"http:\/\/loretahur.net\/silencio\/wp-json\/wp\/v2\/users\/2"}],"replies":[{"embeddable":true,"href":"http:\/\/loretahur.net\/silencio\/wp-json\/wp\/v2\/comments?post=448"}],"version-history":[{"count":2,"href":"http:\/\/loretahur.net\/silencio\/wp-json\/wp\/v2\/posts\/448\/revisions"}],"predecessor-version":[{"id":488,"href":"http:\/\/loretahur.net\/silencio\/wp-json\/wp\/v2\/posts\/448\/revisions\/488"}],"wp:attachment":[{"href":"http:\/\/loretahur.net\/silencio\/wp-json\/wp\/v2\/media?parent=448"}],"wp:term":[{"taxonomy":"category","embeddable":true,"href":"http:\/\/loretahur.net\/silencio\/wp-json\/wp\/v2\/categories?post=448"},{"taxonomy":"post_tag","embeddable":true,"href":"http:\/\/loretahur.net\/silencio\/wp-json\/wp\/v2\/tags?post=448"}],"curies":[{"name":"wp","href":"https:\/\/api.w.org\/{rel}","templated":true}]}}